{"id":2519,"date":"2022-12-02T18:02:35","date_gmt":"2022-12-02T17:02:35","guid":{"rendered":"http:\/\/www.politik-kultur.de\/foto\/?p=2519"},"modified":"2022-12-02T22:20:41","modified_gmt":"2022-12-02T21:20:41","slug":"protestanten-protestierer","status":"publish","type":"post","link":"http:\/\/www.politik-kultur.de\/foto\/index.php\/2022\/12\/02\/protestanten-protestierer\/","title":{"rendered":"Protestanten &#8211; Protestierer"},"content":{"rendered":"<p>Honecker Rache Gr\u00fc\u00dft sch\u00f6n, Hygiene Diktatur China 2.0, DDR 2.0, lautet der Text auf dem Plakat, dass die beiden in die H\u00f6he halten. Damit wollen sie einen Zusammenhang zwischen den Corona-Restriktionen und dem Totalitismus der vergangenen DDR und dem gegenw\u00e4rtigen Totalitarismus in der Volksrepublik China herstellen. Ist da was dran? <a href=\"http:\/\/www.politik-kultur.de\/2021\/12\/22\/corona-und-das-ende-der-demokratie\/\" rel=\"noopener\" target=\"_blank\"><strong>Corona und die Gefahr f\u00fcr die Demokratie<\/strong> <\/a> <\/p>\n","protected":false},"excerpt":{"rendered":"<p>Honecker Rache Gr\u00fc\u00dft sch\u00f6n, Hygiene Diktatur China 2.0, DDR 2.0, lautet der Text auf dem Plakat, dass die beiden in die H\u00f6he halten. Damit wollen sie einen Zusammenhang zwischen den Corona-Restriktionen und dem Totalitismus der vergangenen DDR und dem gegenw\u00e4rtigen Totalitarismus in der Volksrepublik China herstellen. Ist da was dran? Corona und die Gefahr f\u00fcr [&hellip;]<\/p>\n","protected":false},"author":1,"featured_media":2518,"comment_status":"open","ping_status":"open","sticky":false,"template":"","format":"standard","meta":[],"categories":[77],"tags":[],"_links":{"self":[{"href":"http:\/\/www.politik-kultur.de\/foto\/index.php\/wp-json\/wp\/v2\/posts\/2519"}],"collection":[{"href":"http:\/\/www.politik-kultur.de\/foto\/index.php\/wp-json\/wp\/v2\/posts"}],"about":[{"href":"http:\/\/www.politik-kultur.de\/foto\/index.php\/wp-json\/wp\/v2\/types\/post"}],"author":[{"embeddable":true,"href":"http:\/\/www.politik-kultur.de\/foto\/index.php\/wp-json\/wp\/v2\/users\/1"}],"replies":[{"embeddable":true,"href":"http:\/\/www.politik-kultur.de\/foto\/index.php\/wp-json\/wp\/v2\/comments?post=2519"}],"version-history":[{"count":4,"href":"http:\/\/www.politik-kultur.de\/foto\/index.php\/wp-json\/wp\/v2\/posts\/2519\/revisions"}],"predecessor-version":[{"id":2524,"href":"http:\/\/www.politik-kultur.de\/foto\/index.php\/wp-json\/wp\/v2\/posts\/2519\/revisions\/2524"}],"wp:featuredmedia":[{"embeddable":true,"href":"http:\/\/www.politik-kultur.de\/foto\/index.php\/wp-json\/wp\/v2\/media\/2518"}],"wp:attachment":[{"href":"http:\/\/www.politik-kultur.de\/foto\/index.php\/wp-json\/wp\/v2\/media?parent=2519"}],"wp:term":[{"taxonomy":"category","embeddable":true,"href":"http:\/\/www.politik-kultur.de\/foto\/index.php\/wp-json\/wp\/v2\/categories?post=2519"},{"taxonomy":"post_tag","embeddable":true,"href":"http:\/\/www.politik-kultur.de\/foto\/index.php\/wp-json\/wp\/v2\/tags?post=2519"}],"curies":[{"name":"wp","href":"https:\/\/api.w.org\/{rel}","templated":true}]}}