{"id":2514,"date":"2022-12-02T17:44:10","date_gmt":"2022-12-02T16:44:10","guid":{"rendered":"http:\/\/www.politik-kultur.de\/foto\/?p=2514"},"modified":"2022-12-03T00:09:02","modified_gmt":"2022-12-02T23:09:02","slug":"mystery-road","status":"publish","type":"post","link":"http:\/\/www.politik-kultur.de\/foto\/index.php\/2022\/12\/02\/mystery-road\/","title":{"rendered":"Mystery Road"},"content":{"rendered":"<p>Wir wissen ja nie genau, wie es weitergeht. Diese Stra\u00dfe zum Beispiel ist nur ein kurzer Abschnitt der alten Landstra\u00dfe zwischen den D\u00f6rfern Ramlingen und Engensen, der jetzt als Park- und Rastplatz dient. Das sieht man ihr so gar nicht an. Ihre Bestimmung liegt im Nebel! <\/p>\n","protected":false},"excerpt":{"rendered":"<p>Wir wissen ja nie genau, wie es weitergeht. Diese Stra\u00dfe zum Beispiel ist nur ein kurzer Abschnitt der alten Landstra\u00dfe zwischen den D\u00f6rfern Ramlingen und Engensen, der jetzt als Park- und Rastplatz dient. Das sieht man ihr so gar nicht an. Ihre Bestimmung liegt im Nebel!<\/p>\n","protected":false},"author":1,"featured_media":2515,"comment_status":"open","ping_status":"open","sticky":false,"template":"","format":"standard","meta":[],"categories":[77],"tags":[],"_links":{"self":[{"href":"http:\/\/www.politik-kultur.de\/foto\/index.php\/wp-json\/wp\/v2\/posts\/2514"}],"collection":[{"href":"http:\/\/www.politik-kultur.de\/foto\/index.php\/wp-json\/wp\/v2\/posts"}],"about":[{"href":"http:\/\/www.politik-kultur.de\/foto\/index.php\/wp-json\/wp\/v2\/types\/post"}],"author":[{"embeddable":true,"href":"http:\/\/www.politik-kultur.de\/foto\/index.php\/wp-json\/wp\/v2\/users\/1"}],"replies":[{"embeddable":true,"href":"http:\/\/www.politik-kultur.de\/foto\/index.php\/wp-json\/wp\/v2\/comments?post=2514"}],"version-history":[{"count":3,"href":"http:\/\/www.politik-kultur.de\/foto\/index.php\/wp-json\/wp\/v2\/posts\/2514\/revisions"}],"predecessor-version":[{"id":2534,"href":"http:\/\/www.politik-kultur.de\/foto\/index.php\/wp-json\/wp\/v2\/posts\/2514\/revisions\/2534"}],"wp:featuredmedia":[{"embeddable":true,"href":"http:\/\/www.politik-kultur.de\/foto\/index.php\/wp-json\/wp\/v2\/media\/2515"}],"wp:attachment":[{"href":"http:\/\/www.politik-kultur.de\/foto\/index.php\/wp-json\/wp\/v2\/media?parent=2514"}],"wp:term":[{"taxonomy":"category","embeddable":true,"href":"http:\/\/www.politik-kultur.de\/foto\/index.php\/wp-json\/wp\/v2\/categories?post=2514"},{"taxonomy":"post_tag","embeddable":true,"href":"http:\/\/www.politik-kultur.de\/foto\/index.php\/wp-json\/wp\/v2\/tags?post=2514"}],"curies":[{"name":"wp","href":"https:\/\/api.w.org\/{rel}","templated":true}]}}