{"id":2418,"date":"2022-03-24T22:51:22","date_gmt":"2022-03-24T21:51:22","guid":{"rendered":"http:\/\/www.politik-kultur.de\/foto\/?p=2418"},"modified":"2022-08-24T17:19:21","modified_gmt":"2022-08-24T15:19:21","slug":"stirm-ueber-dem-hannoverschen-rathaus","status":"publish","type":"post","link":"http:\/\/www.politik-kultur.de\/foto\/index.php\/2022\/03\/24\/stirm-ueber-dem-hannoverschen-rathaus\/","title":{"rendered":"Sturm \u00fcber dem hannoverschen Rathaus"},"content":{"rendered":"<p>\u00dcber dem Hannoverschen Rathaus hat sich in den vergangenen Jahren <a href=\"https:\/\/www.ndr.de\/nachrichten\/niedersachsen\/Rathausaffaere-Hat-Ex-OB-Schostok-nie-Pruefung-beauftragt,schostok432.html\" rel=\"noopener\" target=\"_blank\">viel Sturm zusammengebraut und dem vormaligen B\u00fcrgermeister Stefan Schostok das Amt gekostet<\/a>. Inzwischen sitzt <a href=\"https:\/\/www.hannover.de\/Leben-in-der-Region-Hannover\/Politik\/Regionspr%C3%A4sident-Oberb%C3%BCrgermeister\/Der-Oberb%C3%BCrgermeister\/Belit-Onay\" rel=\"noopener\" target=\"_blank\">ein gr\u00fcner B\u00fcrgermeister im Rathaus<\/a> und der Wind weht aus einer anderen Richtung. Er war gerade vier Monate im Amt, da regierte bereits die Corona-Krise mit. Besser ist das Wetter also seither nicht geworden.     <\/p>\n<p><img decoding=\"async\" loading=\"lazy\" src=\"http:\/\/www.politik-kultur.de\/foto\/wp-content\/uploads\/2022\/03\/IMG_0711-700x467.jpeg\" alt=\"Rathaus Hannover, vom Maschsee aus gesehen\" width=\"700\" height=\"467\" class=\"alignleft size-large wp-image-2419\" srcset=\"http:\/\/www.politik-kultur.de\/foto\/wp-content\/uploads\/2022\/03\/IMG_0711-700x467.jpeg 700w, http:\/\/www.politik-kultur.de\/foto\/wp-content\/uploads\/2022\/03\/IMG_0711-300x200.jpeg 300w, http:\/\/www.politik-kultur.de\/foto\/wp-content\/uploads\/2022\/03\/IMG_0711-768x512.jpeg 768w, http:\/\/www.politik-kultur.de\/foto\/wp-content\/uploads\/2022\/03\/IMG_0711.jpeg 1153w\" sizes=\"(max-width: 700px) 100vw, 700px\" \/><\/p>\n","protected":false},"excerpt":{"rendered":"<p>\u00dcber dem Hannoverschen Rathaus hat sich in den vergangenen Jahren viel Sturm zusammengebraut und dem vormaligen B\u00fcrgermeister Stefan Schostok das Amt gekostet. Inzwischen sitzt ein gr\u00fcner B\u00fcrgermeister im Rathaus und der Wind weht aus einer anderen Richtung. Er war gerade vier Monate im Amt, da regierte bereits die Corona-Krise mit. Besser ist das Wetter also [&hellip;]<\/p>\n","protected":false},"author":1,"featured_media":2419,"comment_status":"open","ping_status":"open","sticky":false,"template":"","format":"standard","meta":[],"categories":[1,83],"tags":[],"_links":{"self":[{"href":"http:\/\/www.politik-kultur.de\/foto\/index.php\/wp-json\/wp\/v2\/posts\/2418"}],"collection":[{"href":"http:\/\/www.politik-kultur.de\/foto\/index.php\/wp-json\/wp\/v2\/posts"}],"about":[{"href":"http:\/\/www.politik-kultur.de\/foto\/index.php\/wp-json\/wp\/v2\/types\/post"}],"author":[{"embeddable":true,"href":"http:\/\/www.politik-kultur.de\/foto\/index.php\/wp-json\/wp\/v2\/users\/1"}],"replies":[{"embeddable":true,"href":"http:\/\/www.politik-kultur.de\/foto\/index.php\/wp-json\/wp\/v2\/comments?post=2418"}],"version-history":[{"count":2,"href":"http:\/\/www.politik-kultur.de\/foto\/index.php\/wp-json\/wp\/v2\/posts\/2418\/revisions"}],"predecessor-version":[{"id":2458,"href":"http:\/\/www.politik-kultur.de\/foto\/index.php\/wp-json\/wp\/v2\/posts\/2418\/revisions\/2458"}],"wp:featuredmedia":[{"embeddable":true,"href":"http:\/\/www.politik-kultur.de\/foto\/index.php\/wp-json\/wp\/v2\/media\/2419"}],"wp:attachment":[{"href":"http:\/\/www.politik-kultur.de\/foto\/index.php\/wp-json\/wp\/v2\/media?parent=2418"}],"wp:term":[{"taxonomy":"category","embeddable":true,"href":"http:\/\/www.politik-kultur.de\/foto\/index.php\/wp-json\/wp\/v2\/categories?post=2418"},{"taxonomy":"post_tag","embeddable":true,"href":"http:\/\/www.politik-kultur.de\/foto\/index.php\/wp-json\/wp\/v2\/tags?post=2418"}],"curies":[{"name":"wp","href":"https:\/\/api.w.org\/{rel}","templated":true}]}}