{"id":2224,"date":"2021-03-26T23:01:16","date_gmt":"2021-03-26T22:01:16","guid":{"rendered":"http:\/\/www.politik-kultur.de\/foto\/?p=2224"},"modified":"2022-08-24T17:20:42","modified_gmt":"2022-08-24T15:20:42","slug":"puppenstuebchen","status":"publish","type":"post","link":"http:\/\/www.politik-kultur.de\/foto\/index.php\/2021\/03\/26\/puppenstuebchen\/","title":{"rendered":"Puppenst\u00fcbchen"},"content":{"rendered":"<p><img decoding=\"async\" loading=\"lazy\" src=\"http:\/\/www.politik-kultur.de\/foto\/wp-content\/uploads\/2021\/03\/P3260012-street-ce-a-300x225.jpg\" alt=\"Puppenst\u00fcbchen\" width=\"300\" height=\"225\" class=\"alignleft size-medium wp-image-2225\" srcset=\"http:\/\/www.politik-kultur.de\/foto\/wp-content\/uploads\/2021\/03\/P3260012-street-ce-a-300x225.jpg 300w, http:\/\/www.politik-kultur.de\/foto\/wp-content\/uploads\/2021\/03\/P3260012-street-ce-a-768x576.jpg 768w, http:\/\/www.politik-kultur.de\/foto\/wp-content\/uploads\/2021\/03\/P3260012-street-ce-a-700x525.jpg 700w, http:\/\/www.politik-kultur.de\/foto\/wp-content\/uploads\/2021\/03\/P3260012-street-ce-a.jpg 1157w\" sizes=\"(max-width: 300px) 100vw, 300px\" \/><\/p>\n<p>Es gibt Orte, die machen auf mich irgendwie den Eindruck, als seien sie nicht echt. Sie wirken eher wie Puppenst\u00fcbchen in Gro\u00dfformat, wie aus der Zeit gefallene Relikte oder wie gro\u00dfe Museen, nur dazu da, dass man sie sich anschauen und dar\u00fcber staunen kann, wie gut hier Altert\u00fcmliches erhalten ist. Und dann wundert es mich fast, wenn ich feststelle, dass dort genauso ein normales Leben stattfindet, wie woanders auch. Celle. <\/p>\n","protected":false},"excerpt":{"rendered":"<p>Es gibt Orte, die machen auf mich irgendwie den Eindruck, als seien sie nicht echt. Sie wirken eher wie Puppenst\u00fcbchen in Gro\u00dfformat, wie aus der Zeit gefallene Relikte oder wie gro\u00dfe Museen, nur dazu da, dass man sie sich anschauen und dar\u00fcber staunen kann, wie gut hier Altert\u00fcmliches erhalten ist. Und dann wundert es mich [&hellip;]<\/p>\n","protected":false},"author":1,"featured_media":2225,"comment_status":"open","ping_status":"open","sticky":false,"template":"","format":"standard","meta":[],"categories":[1,77,80],"tags":[],"_links":{"self":[{"href":"http:\/\/www.politik-kultur.de\/foto\/index.php\/wp-json\/wp\/v2\/posts\/2224"}],"collection":[{"href":"http:\/\/www.politik-kultur.de\/foto\/index.php\/wp-json\/wp\/v2\/posts"}],"about":[{"href":"http:\/\/www.politik-kultur.de\/foto\/index.php\/wp-json\/wp\/v2\/types\/post"}],"author":[{"embeddable":true,"href":"http:\/\/www.politik-kultur.de\/foto\/index.php\/wp-json\/wp\/v2\/users\/1"}],"replies":[{"embeddable":true,"href":"http:\/\/www.politik-kultur.de\/foto\/index.php\/wp-json\/wp\/v2\/comments?post=2224"}],"version-history":[{"count":4,"href":"http:\/\/www.politik-kultur.de\/foto\/index.php\/wp-json\/wp\/v2\/posts\/2224\/revisions"}],"predecessor-version":[{"id":2303,"href":"http:\/\/www.politik-kultur.de\/foto\/index.php\/wp-json\/wp\/v2\/posts\/2224\/revisions\/2303"}],"wp:featuredmedia":[{"embeddable":true,"href":"http:\/\/www.politik-kultur.de\/foto\/index.php\/wp-json\/wp\/v2\/media\/2225"}],"wp:attachment":[{"href":"http:\/\/www.politik-kultur.de\/foto\/index.php\/wp-json\/wp\/v2\/media?parent=2224"}],"wp:term":[{"taxonomy":"category","embeddable":true,"href":"http:\/\/www.politik-kultur.de\/foto\/index.php\/wp-json\/wp\/v2\/categories?post=2224"},{"taxonomy":"post_tag","embeddable":true,"href":"http:\/\/www.politik-kultur.de\/foto\/index.php\/wp-json\/wp\/v2\/tags?post=2224"}],"curies":[{"name":"wp","href":"https:\/\/api.w.org\/{rel}","templated":true}]}}